{"id":6202,"date":"2026-09-01T11:21:30","date_gmt":"2026-09-01T10:21:30","guid":{"rendered":"https:\/\/asoc-fulbright.es\/?p=6202"},"modified":"2026-09-01T11:21:30","modified_gmt":"2026-09-01T10:21:30","slug":"tertulia-fulbright-8-de-septiembre-19-h-nuevo-orden-viejo-caos-por-dr-enrique-baron-crespo","status":"publish","type":"post","link":"https:\/\/asoc-fulbright.es\/?p=6202","title":{"rendered":"TERTULIA FULBRIGHT -8 de septiembre, 19 h- \u00ab\u00bfNuevo orden, viejo caos?\u00bb por Dr. Enrique Bar\u00f3n Crespo"},"content":{"rendered":"<div class=\"wp-block-image\">\n<figure class=\"alignleft size-full is-resized\"><img loading=\"lazy\" decoding=\"async\" width=\"170\" height=\"215\" src=\"https:\/\/asoc-fulbright.es\/wp-content\/uploads\/2026\/09\/1352.jpg\" alt=\"\" class=\"wp-image-6204\" style=\"width:188px;height:auto\"\/><\/figure>\n<\/div>\n\n\n<p class=\"wp-block-paragraph\">El doctor Bar\u00f3n Crespo es un\u00a0experto europe\u00edsta que nos instruir\u00e1 sobre la cr\u00edtica situaci\u00f3n geopol\u00edtica que vive actualmente Europa y la relaci\u00f3n entre su presente y su pasado reciente.<\/p>\n\n\n\n<p class=\"wp-block-paragraph\">Hablar de paz exige hablar tambi\u00e9n de las guerras que la hicieron necesaria, de las decisiones pol\u00edticas que las precedieron y de las relaciones entre pa\u00edses que durante d\u00e9cadas han oscilado entre cooperaci\u00f3n y conflicto. Las democracias atraviesan desaf\u00edos, si bien destaca su capacidad para contribuir al desarrollo de sociedades estables y servir como referencia para pa\u00edses donde las instituciones democr\u00e1ticas todav\u00eda se encuentran en proceso de consolidaci\u00f3n.<\/p>\n\n\n\n<p class=\"wp-block-paragraph\">Desde ese punto de vista, el Dr. Enrique Bar\u00f3n, expresidente del Parlamento Europeo, ha escrito su \u00faltimo libro,&nbsp;<em>Paz y Guerra<\/em>, que le servir\u00e1 de gui\u00f3n en la pr\u00f3xima tertulia Fulbright. El Dr. Bar\u00f3n nos hablar\u00e1 de distintos momentos de la historia de Rusia y su relaci\u00f3n con Europa, apoyado tanto en investigaci\u00f3n como en las experiencias acumuladas durante sus recorridos por ese pa\u00eds y su trayectoria dentro de la pol\u00edtica europea.<\/p>\n\n\n\n<!--more-->\n\n\n\n<p class=\"wp-block-paragraph\">Seg\u00fan el Dr. Bar\u00f3n, alcanzar acuerdos entre sociedades y gobiernos requiere algo m\u00e1s que voluntad declarativa: \u201c<em>Construir la paz es labor de tejedores; requiere voluntad, habilidad y perseverancia<\/em>\u201d. La paz dif\u00edcilmente aparece por generaci\u00f3n espont\u00e1nea. Se construye mediante instituciones, di\u00e1logo y cooperaci\u00f3n, y exige un trabajo constante para impedir que la confrontaci\u00f3n termine ocupando nuevamente su lugar.<\/p>\n\n\n\n<p class=\"wp-block-paragraph\">Una breve semblanza de Enrique Bar\u00f3n Crespo:<\/p>\n\n\n\n<p class=\"wp-block-paragraph\">Madrid, 1944. Abogado y Economista.<\/p>\n\n\n\n<p class=\"wp-block-paragraph\">Doctor en Derecho por la Universidad Complutense de Madrid (UCM). Licenciado en Administraci\u00f3n de Empresas por\u00a0 ESSEC (Paris) e ICADE (Madrid).\u00a0\u00a0<\/p>\n\n\n\n<p class=\"wp-block-paragraph\">Abogado de derechos humanos bajo la Dictadura franquista.<\/p>\n\n\n\n<p class=\"wp-block-paragraph\">Ex Profesor y Catedr\u00e1tico Jean Monnet \u201cad personam\u201d.\u00a0<\/p>\n\n\n\n<p class=\"wp-block-paragraph\">Diputado Constituyente en Espa\u00f1a\u00a0 (1977-87).<\/p>\n\n\n\n<p class=\"wp-block-paragraph\">Ministro del Gobierno de Espa\u00f1a que concluy\u00f3 las negociaciones de adhesi\u00f3n a la Comunidad Europea (1982-85).<\/p>\n\n\n\n<p class=\"wp-block-paragraph\">Diputado al Parlamento Europeo (PE) (1986-2009), Presidente del\u00a0 PE ( 1989-92)\u00a0 y\u00a0 de las Comisiones\u00a0 de Asuntos Exteriores (1992-4)\u00a0 y Comercio Internacional (2004-7) ; Presidente del Grupo Socialista (1999-2004).<\/p>\n\n\n\n<p class=\"wp-block-paragraph\">Presidente de\u00a0 la \u201cFundaci\u00f3n Yehudi Menuhin Espa\u00f1a\u00bb, miembro del Consejo de \u201cNotre Europe\u201d;\u00a0\u00a0<em>Trustee\u00a0 Friends of Europe<\/em>; Vicepresidente\u00a0 Patrono de la Fundaci\u00f3n Dal\u00ed.<\/p>\n\n\n\n<p class=\"wp-block-paragraph\">Habla siete lenguas europeas.<\/p>\n\n\n\n<p class=\"wp-block-paragraph\">Presidente de la Uni\u00f3n de Federalistas de Espa\u00f1a (UEF).<\/p>\n\n\n\n<p class=\"wp-block-paragraph\">Autor de ensayos y art\u00edculos sobre temas pol\u00edticos, econ\u00f3micos y sociales. Sus libros m\u00e1s recientes son \u00abEuropa, Pasi\u00f3n y Raz\u00f3n\u00bb,\u00a0 \u00abConstitucionalizaci\u00f3n del Poder Legislativo de la Uni\u00f3n Europea\u00bb, \u00abEl error del milenio\u00bb, \u201cTratado de Lisboa y Carta de Derechos Fundamentales\u201d, \u201cLas Am\u00e9ricas insurgentes\u201d, \u201cM\u00e1s Europa, \u00a1Unida!\u201d, \u201cLa Era del federalismo\u00bb y \u201cPaz y Guerra\u201d (RBA).<\/p>\n\n\n\n<p class=\"wp-block-paragraph\"><br \/>Os esperamos el<strong> martes 8 de septiembre a las 19.00 h<\/strong>.<\/p>\n","protected":false},"excerpt":{"rendered":"<p>El doctor Bar\u00f3n Crespo es un\u00a0experto europe\u00edsta que nos instruir\u00e1 sobre la cr\u00edtica situaci\u00f3n geopol\u00edtica que vive actualmente Europa y la relaci\u00f3n entre su presente y su pasado reciente. Hablar de paz exige hablar tambi\u00e9n de las guerras que la hicieron necesaria, de las decisiones pol\u00edticas que las precedieron y de las relaciones entre pa\u00edses [&hellip;]<\/p>\n","protected":false},"author":18,"featured_media":0,"comment_status":"open","ping_status":"open","sticky":false,"template":"","format":"standard","meta":{"ngg_post_thumbnail":0,"footnotes":""},"categories":[1,29],"tags":[230,227,228,229],"class_list":["post-6202","post","type-post","status-publish","format-standard","hentry","category-otras-noticias","category-tertuliasfulbright","tag-democracia","tag-europa","tag-guerras","tag-paz"],"_links":{"self":[{"href":"https:\/\/asoc-fulbright.es\/index.php?rest_route=\/wp\/v2\/posts\/6202","targetHints":{"allow":["GET"]}}],"collection":[{"href":"https:\/\/asoc-fulbright.es\/index.php?rest_route=\/wp\/v2\/posts"}],"about":[{"href":"https:\/\/asoc-fulbright.es\/index.php?rest_route=\/wp\/v2\/types\/post"}],"author":[{"embeddable":true,"href":"https:\/\/asoc-fulbright.es\/index.php?rest_route=\/wp\/v2\/users\/18"}],"replies":[{"embeddable":true,"href":"https:\/\/asoc-fulbright.es\/index.php?rest_route=%2Fwp%2Fv2%2Fcomments&post=6202"}],"version-history":[{"count":1,"href":"https:\/\/asoc-fulbright.es\/index.php?rest_route=\/wp\/v2\/posts\/6202\/revisions"}],"predecessor-version":[{"id":6205,"href":"https:\/\/asoc-fulbright.es\/index.php?rest_route=\/wp\/v2\/posts\/6202\/revisions\/6205"}],"wp:attachment":[{"href":"https:\/\/asoc-fulbright.es\/index.php?rest_route=%2Fwp%2Fv2%2Fmedia&parent=6202"}],"wp:term":[{"taxonomy":"category","embeddable":true,"href":"https:\/\/asoc-fulbright.es\/index.php?rest_route=%2Fwp%2Fv2%2Fcategories&post=6202"},{"taxonomy":"post_tag","embeddable":true,"href":"https:\/\/asoc-fulbright.es\/index.php?rest_route=%2Fwp%2Fv2%2Ftags&post=6202"}],"curies":[{"name":"wp","href":"https:\/\/api.w.org\/{rel}","templated":true}]}}