{"id":5970,"date":"2026-03-11T11:16:20","date_gmt":"2026-03-11T10:16:20","guid":{"rendered":"https:\/\/asoc-fulbright.es\/?p=5970"},"modified":"2026-03-11T11:16:20","modified_gmt":"2026-03-11T10:16:20","slug":"tertulia-extraordinaria-fulbright-17-de-marzo-19-h-siria-iran-y-la-reconfiguracion-de-oriente-medio-por-dona-natalia-sancha","status":"publish","type":"post","link":"https:\/\/asoc-fulbright.es\/?p=5970","title":{"rendered":"TERTULIA EXTRAORDINARIA FULBRIGHT -17 de marzo, 19 h- \u00abSiria, Ir\u00e1n y la reconfiguraci\u00f3n de Oriente Medio\u00bb por Do\u00f1a Natalia Sancha"},"content":{"rendered":"\n<p>La ofensiva contra Ir\u00e1n y su extensi\u00f3n regional est\u00e1n acelerando una transformaci\u00f3n profunda del equilibrio geopol\u00edtico y sentando un nuevo orden regional. Las din\u00e1micas impulsadas por el t\u00e1ndem Trump-Netanyahu apuntan al final del orden regional surgido tras la I Guerra Mundial y del sistema construido bajo tutela occidental de Sykes-Picot. En este contexto de cambio, Siria es uno de los pocos pa\u00edses con margen para un futuro relativamente positivo si logra evitar ser arrastrada a una nueva guerra global y prevenir una implosi\u00f3n interna.<\/p>\n\n\n\n<p>Natalia Sancha es periodista de EL PA\u00cdS y polit\u00f3loga especializada en el mundo \u00e1rabe. Ha sido consejera pol\u00edtica del Enviado Especial de la UE para el Proceso de Paz en Oriente Medio y para el ex Alto Representante en el Servicio Europeo de Acci\u00f3n Exterior. Entre 2015 y 2021, Natalia Sancha fue\u00a0<a href=\"https:\/\/elpais.com\/autor\/natalia-sancha\/\" target=\"_blank\" rel=\"noreferrer noopener\">corresponsal para\u00a0<em>El Pa\u00eds<\/em>\u00a0en L\u00edbano y Siria,<\/a>\u00a0y ha colaborado con medios como\u00a0<em>Egypt Independent, Afkar\/Ideas,\u00a0<\/em><a href=\"https:\/\/www.politicaexterior.com\/autores\/natal\/\" target=\"_blank\" rel=\"noreferrer noopener\">Pol\u00edtica Exterior\u00a0<\/a>y<em>\u00a0<a href=\"https:\/\/www.jadaliyya.com\/Author\/4219\" target=\"_blank\" rel=\"noreferrer noopener\">Jadaliyya<\/a><\/em>. Es licenciada por la Universidad Complutense de Madrid, y tiene un m\u00e1ster en Relaciones Internacionales por el Instituto de Estudios Pol\u00edticos de Par\u00eds, adem\u00e1s del m\u00e1ster en Estudios \u00c1rabes y Ciencias Pol\u00edticas por la Universidad de Georgetown, becada por la Comisi\u00f3n Fulbright.<\/p>\n\n\n\n<p>Os esperamos <strong>el martes 17 de marzo a las 19.00 <\/strong>h.<\/p>\n\n\n\n<p><\/p>\n","protected":false},"excerpt":{"rendered":"<p>La ofensiva contra Ir\u00e1n y su extensi\u00f3n regional est\u00e1n acelerando una transformaci\u00f3n profunda del equilibrio geopol\u00edtico y sentando un nuevo orden regional. Las din\u00e1micas impulsadas por el t\u00e1ndem Trump-Netanyahu apuntan al final del orden regional surgido tras la I Guerra Mundial y del sistema construido bajo tutela occidental de Sykes-Picot. En este contexto de cambio, [&hellip;]<\/p>\n","protected":false},"author":18,"featured_media":0,"comment_status":"open","ping_status":"open","sticky":false,"template":"","format":"standard","meta":{"ngg_post_thumbnail":0,"footnotes":""},"categories":[1,29],"tags":[196,198,197],"class_list":["post-5970","post","type-post","status-publish","format-standard","hentry","category-otras-noticias","category-tertuliasfulbright","tag-iran","tag-oriente-medio","tag-siria"],"_links":{"self":[{"href":"https:\/\/asoc-fulbright.es\/index.php?rest_route=\/wp\/v2\/posts\/5970","targetHints":{"allow":["GET"]}}],"collection":[{"href":"https:\/\/asoc-fulbright.es\/index.php?rest_route=\/wp\/v2\/posts"}],"about":[{"href":"https:\/\/asoc-fulbright.es\/index.php?rest_route=\/wp\/v2\/types\/post"}],"author":[{"embeddable":true,"href":"https:\/\/asoc-fulbright.es\/index.php?rest_route=\/wp\/v2\/users\/18"}],"replies":[{"embeddable":true,"href":"https:\/\/asoc-fulbright.es\/index.php?rest_route=%2Fwp%2Fv2%2Fcomments&post=5970"}],"version-history":[{"count":1,"href":"https:\/\/asoc-fulbright.es\/index.php?rest_route=\/wp\/v2\/posts\/5970\/revisions"}],"predecessor-version":[{"id":5971,"href":"https:\/\/asoc-fulbright.es\/index.php?rest_route=\/wp\/v2\/posts\/5970\/revisions\/5971"}],"wp:attachment":[{"href":"https:\/\/asoc-fulbright.es\/index.php?rest_route=%2Fwp%2Fv2%2Fmedia&parent=5970"}],"wp:term":[{"taxonomy":"category","embeddable":true,"href":"https:\/\/asoc-fulbright.es\/index.php?rest_route=%2Fwp%2Fv2%2Fcategories&post=5970"},{"taxonomy":"post_tag","embeddable":true,"href":"https:\/\/asoc-fulbright.es\/index.php?rest_route=%2Fwp%2Fv2%2Ftags&post=5970"}],"curies":[{"name":"wp","href":"https:\/\/api.w.org\/{rel}","templated":true}]}}